{"id":8980,"date":"2016-04-17T15:09:22","date_gmt":"2016-04-17T13:09:22","guid":{"rendered":"http:\/\/mafrsaprovince.com\/?p=8980"},"modified":"2016-04-17T15:09:22","modified_gmt":"2016-04-17T13:09:22","slug":"mafrwestafrica-lettre-du-17-avril-2016","status":"publish","type":"post","link":"https:\/\/mafrsaprovince.com\/index.php\/2016\/04\/17\/mafrwestafrica-lettre-du-17-avril-2016\/","title":{"rendered":"Mafrwestafrica &#8211; Lettre du 17 avril 2016"},"content":{"rendered":"<p style=\"text-align:justify;\"><span style=\"color:#000000;\"><a href=\"http:\/\/www.mafrwestafrica.net\/\" target=\"_blank\" rel=\"noopener\"><img data-recalc-dims=\"1\" fetchpriority=\"high\" decoding=\"async\" class=\"alignnone size-full wp-image-8903\" src=\"https:\/\/mafrsouthernafrica.files.wordpress.com\/2016\/04\/mafrwestafrica-logo.jpg?resize=629%2C136\" alt=\"Mafrwestafrica logo\" width=\"629\" height=\"136\" srcset=\"https:\/\/i0.wp.com\/mafrsaprovince.com\/wp-content\/uploads\/2016\/04\/mafrwestafrica-logo.jpg?w=941&amp;ssl=1 941w, https:\/\/i0.wp.com\/mafrsaprovince.com\/wp-content\/uploads\/2016\/04\/mafrwestafrica-logo.jpg?resize=300%2C65&amp;ssl=1 300w, https:\/\/i0.wp.com\/mafrsaprovince.com\/wp-content\/uploads\/2016\/04\/mafrwestafrica-logo.jpg?resize=768%2C166&amp;ssl=1 768w, https:\/\/i0.wp.com\/mafrsaprovince.com\/wp-content\/uploads\/2016\/04\/mafrwestafrica-logo.jpg?resize=900%2C194&amp;ssl=1 900w\" sizes=\"(max-width: 629px) 100vw, 629px\" \/><\/a>Aujourd&#8217;hui, les Missionnaires d\u2019Afrique de l\u2019Ouest vous proposent de visiter de nouvelles pages sur leur site<\/span>\u00a0<a href=\"http:\/\/www.mafrwestafrica.net\/\" target=\"_blank\" rel=\"noopener\">www.mafrwestafrica.net<\/a>\u00a0:<\/p>\n<p style=\"text-align:justify;\">\u00a0<span style=\"color:#000000;\"><em>Dans la rubrique \u00ab\u00a0Actualit\u00e9s \u00bb :<\/em><\/span><br \/>\n<span style=\"color:#000000;\"> \u00ab\u00a0Wilbert Gobbo, docteur en th\u00e9ologie \u00bb\u00a0le p\u00e8re Gobbo, Tanzanien, vient de r\u00e9ussir sa th\u00e8se en th\u00e9ologie et nous sommes heureux de publier quelques photos<\/span>.\u00a0<a href=\"http:\/\/www.mafrwestafrica.net\/content\/view\/1106\/72\/lang,fr\/\" target=\"_blank\" rel=\"noopener\">(lire la suite)<\/a><br \/>\n<span style=\"color:#000000;\">\u00ab\u00a0Nouvelles de Mauritanie\u00a0\u00bb, publication de la derni\u00e8re lettre du dioc\u00e8se de Nouakchott<\/span>.\u00a0<a href=\"http:\/\/www.mafrwestafrica.net\/content\/view\/1107\/72\/lang,fr\/\" target=\"_blank\" rel=\"noopener\">(lire la suite)<\/a><br \/>\n<span style=\"color:#000000;\">\u00ab\u00a0Lettre de Laghouat Ghardaia, mars 2016.\u00a0\u00bb\u00a0les derni\u00e8res nouvelles de ce dioc\u00e8se dont notre confr\u00e8re Mgr Claude Rault est l&#8217;\u00e9v\u00eaque<\/span>.\u00a0<a href=\"http:\/\/www.mafrwestafrica.net\/content\/view\/1108\/72\/lang,fr\/\" target=\"_blank\" rel=\"noopener\">(lire la suite)<\/a><\/p>\n<p style=\"text-align:justify;\"><span style=\"color:#000000;\"><em><u>Dans la rubrique \u00ab\u00a0T\u00e9moignages\u00a0\u00bb :<\/u><\/em><\/span><br \/>\n<span style=\"color:#000000;\"> \u00ab\u00a0Nouvelles de Tema Bokin \u00bb\u00a0un texte envoy\u00e9 par le cur\u00e9 de cette paroisse du dioc\u00e8se de Kaya, paroisse qui va f\u00eater son cinquantenaire<\/span>\u00a0<a href=\"http:\/\/www.mafrwestafrica.net\/content\/view\/1105\/71\/lang,fr\/\" target=\"_blank\" rel=\"noopener\">(lire la suite)<\/a><\/p>\n<p style=\"text-align:justify;\"><span style=\"color:#000000;\"><em><u>Dans la rubrique \u00ab\u00a0Dialogue interreligieux\u00a0\u00bb<\/u><\/em><em>\u00a0:<\/em><\/span><br \/>\n<span style=\"color:#000000;\"> \u00ab\u00a0Islam et christianisme\u00a0\u00bb<em>\u00a0<\/em>la pr\u00e9sentation de deux livres et une allusion au fait que Marie est v\u00e9n\u00e9r\u00e9e par l&#8217;Islam et le christianisme comme Vierge et M\u00e8re de J\u00e9sus<\/span>. <a href=\"http:\/\/www.mafrwestafrica.net\/content\/view\/1114\/97\/lang,fr\/\" target=\"_blank\" rel=\"noopener\">(lire la suite)<\/a><\/p>\n<p style=\"text-align:justify;\"><span style=\"color:#000000;\"><em><u>Dans la rubrique \u00ab\u00a0Justice et Paix \u00bb<\/u><\/em><em>\u00a0<\/em><em>:<\/em><em><br \/>\n<\/em>\u00ab\u00a0Protection des enfants \u00bb\u00a0le P\u00e8re St\u00e9phane Joulain, qui est maintenant \u00e0 Rome, y est \u00ab\u00a0Coordinateur \u00e0 l&#8217;Int\u00e9grit\u00e9 du Minist\u00e8re\u00a0\u00bb.<\/span>\u00a0<a href=\"http:\/\/www.mafrwestafrica.net\/content\/view\/1110\/69\/lang,fr\/\" target=\"_blank\" rel=\"noopener\">(lire la suite)<\/a><br \/>\n<span style=\"color:#000000;\">\u00ab\u00a0Le Pape Fran\u00e7ois et les migrants\u00a0\u00bb\u00a0tout particuli\u00e8rement lors de sa visite toute r\u00e9cente en Gr\u00e8ce, le pape pose des gestes significatifs<\/span>\u00a0<a href=\"http:\/\/www.mafrwestafrica.net\/content\/view\/1113\/69\/lang,fr\/\" target=\"_blank\" rel=\"noopener\">(lire la suite)<\/a><\/p>\n<p style=\"text-align:justify;\"><span style=\"color:#000000;\"><em><u>Dans la rubrique \u00ab\u00a0Vu au sud, vu du sud\u00a0\u00bb :<\/u><\/em><\/span><br \/>\n<span style=\"color:#000000;\"> \u00ab\u00a0Le Tchad \u00bb\u00a0et les nouvelles prises sur le site de RFI au sujet des \u00e9lections qui y sont contest\u00e9es par une partie de la population.<\/span>\u00a0<a href=\"http:\/\/www.mafrwestafrica.net\/content\/view\/1109\/96\/lang,fr\/\" target=\"_blank\" rel=\"noopener\">(lire la suite)<\/a><br \/>\n<span style=\"color:#000000;\">\u00ab\u00a0Les premiers africains chez les Missionnaires d&#8217;Afrique\u00a0\u00bb\u00a0un article publi\u00e9 par le P\u00e8re Dominique Arnauld dans Voix d&#8217;Afrique n\u00b0 110<\/span>\u00a0<a href=\"http:\/\/www.mafrwestafrica.net\/content\/view\/1111\/96\/lang,fr\/\" target=\"_blank\" rel=\"noopener\">(lire la suite)<\/a><br \/>\n<span style=\"color:#000000;\">\u00ab\u00a0Eglise d&#8217;Afrique du Nord et Subsaharienne\u00a0\u00bb\u00a0les mouvements de population ne sont sans doute pas \u00e9trangers au fait que la prochaine conf\u00e9rence de la CERNA se tiendra au S\u00e9nagal<\/span>\u00a0<a href=\"http:\/\/www.mafrwestafrica.net\/content\/view\/1112\/96\/lang,fr\/\" target=\"_blank\" rel=\"noopener\">(lire la suite)<\/a><\/p>\n<p>&nbsp;<\/p>\n","protected":false},"excerpt":{"rendered":"<p>Aujourd&#8217;hui, les Missionnaires d\u2019Afrique de l\u2019Ouest vous proposent de visiter de nouvelles pages sur leur site\u00a0www.mafrwestafrica.net\u00a0: \u00a0Dans la rubrique \u00ab\u00a0Actualit\u00e9s \u00bb : \u00ab\u00a0Wilbert Gobbo, docteur en th\u00e9ologie \u00bb\u00a0le p\u00e8re Gobbo, Tanzanien, vient de r\u00e9ussir sa th\u00e8se en th\u00e9ologie et nous sommes heureux de publier quelques photos.\u00a0(lire la suite) \u00ab\u00a0Nouvelles de Mauritanie\u00a0\u00bb, publication de la derni\u00e8re [&hellip;]<\/p>\n","protected":false},"author":4,"featured_media":8903,"comment_status":"open","ping_status":"closed","sticky":false,"template":"","format":"standard","meta":{"_jetpack_memberships_contains_paid_content":false,"footnotes":"","jetpack_publicize_message":"","jetpack_publicize_feature_enabled":true,"jetpack_social_post_already_shared":false,"jetpack_social_options":{"image_generator_settings":{"template":"highway","default_image_id":0,"font":"","enabled":false},"version":2}},"categories":[22,28],"tags":[900],"class_list":["post-8980","post","type-post","status-publish","format-standard","has-post-thumbnail","hentry","category-news","category-publications","tag-mafrwestafrica"],"jetpack_publicize_connections":[],"jetpack_featured_media_url":"https:\/\/i0.wp.com\/mafrsaprovince.com\/wp-content\/uploads\/2016\/04\/mafrwestafrica-logo.jpg?fit=941%2C203&ssl=1","jetpack_sharing_enabled":true,"_links":{"self":[{"href":"https:\/\/mafrsaprovince.com\/index.php\/wp-json\/wp\/v2\/posts\/8980","targetHints":{"allow":["GET"]}}],"collection":[{"href":"https:\/\/mafrsaprovince.com\/index.php\/wp-json\/wp\/v2\/posts"}],"about":[{"href":"https:\/\/mafrsaprovince.com\/index.php\/wp-json\/wp\/v2\/types\/post"}],"author":[{"embeddable":true,"href":"https:\/\/mafrsaprovince.com\/index.php\/wp-json\/wp\/v2\/users\/4"}],"replies":[{"embeddable":true,"href":"https:\/\/mafrsaprovince.com\/index.php\/wp-json\/wp\/v2\/comments?post=8980"}],"version-history":[{"count":0,"href":"https:\/\/mafrsaprovince.com\/index.php\/wp-json\/wp\/v2\/posts\/8980\/revisions"}],"wp:featuredmedia":[{"embeddable":true,"href":"https:\/\/mafrsaprovince.com\/index.php\/wp-json\/wp\/v2\/media\/8903"}],"wp:attachment":[{"href":"https:\/\/mafrsaprovince.com\/index.php\/wp-json\/wp\/v2\/media?parent=8980"}],"wp:term":[{"taxonomy":"category","embeddable":true,"href":"https:\/\/mafrsaprovince.com\/index.php\/wp-json\/wp\/v2\/categories?post=8980"},{"taxonomy":"post_tag","embeddable":true,"href":"https:\/\/mafrsaprovince.com\/index.php\/wp-json\/wp\/v2\/tags?post=8980"}],"curies":[{"name":"wp","href":"https:\/\/api.w.org\/{rel}","templated":true}]}}