{"id":8972,"date":"2016-04-09T16:13:23","date_gmt":"2016-04-09T14:13:23","guid":{"rendered":"http:\/\/mafrsaprovince.com\/?p=8972"},"modified":"2016-04-09T16:13:23","modified_gmt":"2016-04-09T14:13:23","slug":"death-of-the-brother-of-our-confrere-rene-garand","status":"publish","type":"post","link":"https:\/\/mafrsaprovince.com\/index.php\/2016\/04\/09\/death-of-the-brother-of-our-confrere-rene-garand\/","title":{"rendered":"Death of the brother of our confrere Ren\u00e9 Garand"},"content":{"rendered":"<p style=\"text-align:justify;\"><span style=\"color:#000000;\">My brother Claude Garand pass away on 6<sup>th<\/sup> April of a cardiac arrest, please remember him and his family in your prayers. Bro Ren\u00e9 Garand<\/span><\/p>\n<p style=\"text-align:justify;\"><span style=\"color:#000000;\"><em><img data-recalc-dims=\"1\" decoding=\"async\" class=\"  wp-image-8977 alignleft\" src=\"https:\/\/mafrsouthernafrica.files.wordpress.com\/2016\/04\/claude-garand.png?resize=182%2C215\" alt=\"Claude Garand\" width=\"182\" height=\"215\" \/>\u00c0 son domicile, le 6 avril 2016, est d\u00e9c\u00e9d\u00e9 \u00e0 l\u2019\u00e2ge de 74 ans, Monsieur <strong>Claude Garand<\/strong>, \u00e9poux de Claire Beaudet, domicili\u00e9 \u00e0 Victoriaville. Les fun\u00e9railles auront lieu le lundi 11 avril 2016 \u00e0 11h \u00e0 la chapelle du Salon fun\u00e9raire. Monsieur Claude Garand laisse dans le deuil, son \u00e9pouse Claire Beaudet, ses enfants : Alain Garand conjoint de M\u00e9lanie Tanguay, Jean Garand, Pierre Garand, Fran\u00e7ois Garand, ses petits-enfants : Genevi\u00e8ve, Marie-Danielle, Ismael. Monsieur Claude Garand laisse \u00e9galement dans le deuil ses fr\u00e8res et ses s\u0153urs, ses beaux-fr\u00e8res et belles-s\u0153urs, ainsi que plusieurs autres parents et amis. Il \u00e9tait le fr\u00e8re de notre confr\u00e8re Ren\u00e9 Garand<\/em><\/span><\/p>\n","protected":false},"excerpt":{"rendered":"<p>My brother Claude Garand pass away on 6th April of a cardiac arrest, please remember him and his family in your prayers. Bro Ren\u00e9 Garand \u00c0 son domicile, le 6 avril 2016, est d\u00e9c\u00e9d\u00e9 \u00e0 l\u2019\u00e2ge de 74 ans, Monsieur Claude Garand, \u00e9poux de Claire Beaudet, domicili\u00e9 \u00e0 Victoriaville. Les fun\u00e9railles auront lieu le lundi [&hellip;]<\/p>\n","protected":false},"author":4,"featured_media":0,"comment_status":"open","ping_status":"closed","sticky":false,"template":"","format":"standard","meta":{"_jetpack_memberships_contains_paid_content":false,"footnotes":"","jetpack_publicize_message":"","jetpack_publicize_feature_enabled":true,"jetpack_social_post_already_shared":false,"jetpack_social_options":{"image_generator_settings":{"template":"highway","default_image_id":0,"font":"","enabled":false},"version":2}},"categories":[22],"tags":[351],"class_list":["post-8972","post","type-post","status-publish","format-standard","hentry","category-news","tag-claude-garand"],"jetpack_publicize_connections":[],"jetpack_featured_media_url":"","jetpack_sharing_enabled":true,"_links":{"self":[{"href":"https:\/\/mafrsaprovince.com\/index.php\/wp-json\/wp\/v2\/posts\/8972","targetHints":{"allow":["GET"]}}],"collection":[{"href":"https:\/\/mafrsaprovince.com\/index.php\/wp-json\/wp\/v2\/posts"}],"about":[{"href":"https:\/\/mafrsaprovince.com\/index.php\/wp-json\/wp\/v2\/types\/post"}],"author":[{"embeddable":true,"href":"https:\/\/mafrsaprovince.com\/index.php\/wp-json\/wp\/v2\/users\/4"}],"replies":[{"embeddable":true,"href":"https:\/\/mafrsaprovince.com\/index.php\/wp-json\/wp\/v2\/comments?post=8972"}],"version-history":[{"count":0,"href":"https:\/\/mafrsaprovince.com\/index.php\/wp-json\/wp\/v2\/posts\/8972\/revisions"}],"wp:attachment":[{"href":"https:\/\/mafrsaprovince.com\/index.php\/wp-json\/wp\/v2\/media?parent=8972"}],"wp:term":[{"taxonomy":"category","embeddable":true,"href":"https:\/\/mafrsaprovince.com\/index.php\/wp-json\/wp\/v2\/categories?post=8972"},{"taxonomy":"post_tag","embeddable":true,"href":"https:\/\/mafrsaprovince.com\/index.php\/wp-json\/wp\/v2\/tags?post=8972"}],"curies":[{"name":"wp","href":"https:\/\/api.w.org\/{rel}","templated":true}]}}