{"id":1919,"date":"2013-05-07T16:13:30","date_gmt":"2013-05-07T14:13:30","guid":{"rendered":"http:\/\/mafrsouthernafrica.wordpress.com\/?p=1919"},"modified":"2013-05-07T16:13:30","modified_gmt":"2013-05-07T14:13:30","slug":"eur-echo-paques-2013","status":"publish","type":"post","link":"https:\/\/mafrsaprovince.com\/index.php\/2013\/05\/07\/eur-echo-paques-2013\/","title":{"rendered":"EUR-ECHO \u2013 P\u00e2ques 2013"},"content":{"rendered":"<p style=\"text-align:justify;\"><i><a title=\"EUR-ECHO \u2013 P\u00e2ques 2013\" href=\"http:\/\/mafrsouthernafrica.files.wordpress.com\/2013\/05\/eur-echo-franc3a7ais.pdf\" target=\"_blank\" rel=\"noopener\"><img data-recalc-dims=\"1\" fetchpriority=\"high\" decoding=\"async\" class=\"alignnone size-full wp-image-1921\" alt=\"Eur-Echo P\u00e2ques 2013\" src=\"http:\/\/mafrsouthernafrica.files.wordpress.com\/2013\/05\/eur-echo-pc3a2ques-2013.jpg?resize=629%2C246\" width=\"629\" height=\"246\" srcset=\"https:\/\/i0.wp.com\/mafrsaprovince.com\/wp-content\/uploads\/2013\/05\/eur-echo-pc3a2ques-2013.jpg?w=852&amp;ssl=1 852w, https:\/\/i0.wp.com\/mafrsaprovince.com\/wp-content\/uploads\/2013\/05\/eur-echo-pc3a2ques-2013.jpg?resize=300%2C117&amp;ssl=1 300w, https:\/\/i0.wp.com\/mafrsaprovince.com\/wp-content\/uploads\/2013\/05\/eur-echo-pc3a2ques-2013.jpg?resize=768%2C300&amp;ssl=1 768w\" sizes=\"(max-width: 629px) 100vw, 629px\" \/><\/a>Chers confr\u00e8res, <\/i><\/p>\n<p style=\"text-align:justify;\"><i>Le Pape Fran\u00e7ois, dans son hom\u00e9lie du 19 mars, parle d\u2019un service qu\u2019il se sent appel\u00e9 \u00e0 rendre en tant qu\u2019\u00e9v\u00eaque de Rome et auquel, dit-il, nous sommes tous appel\u00e9s : faire resplendir l\u2019\u00e9toile de l\u2019esp\u00e9rance. Nous avons besoin, dit-il, de voir la lumi\u00e8re de l\u2019esp\u00e9rance et de donner nous-m\u00eames esp\u00e9rance. Il indique comment nous pouvons nous y prendre en parlant d\u2019\u00eatre gardiens de la cr\u00e9ation, en posant sur tout homme et toute femme un regard de bont\u00e9 et de tendresse. Oui, dit le Pape, n\u2019ayons pas peur de la tendresse. La tendresse n\u2019est pas la vertu du faible mais d\u00e9note une force d\u2019\u00e2me et de capacit\u00e9 d\u2019attention, de compassion, de vraie ouverture \u00e0 l\u2019autre, d\u2019amour. <a title=\"EUR-ECHO \u2013 P\u00e2ques 2013\" href=\"http:\/\/mafrsouthernafrica.files.wordpress.com\/2013\/05\/eur-echo-franc3a7ais.pdf\" target=\"_blank\" rel=\"noopener\">SUITE<\/a><\/i><\/p>\n","protected":false},"excerpt":{"rendered":"<p>Chers confr\u00e8res, Le Pape Fran\u00e7ois, dans son hom\u00e9lie du 19 mars, parle d\u2019un service qu\u2019il se sent appel\u00e9 \u00e0 rendre en tant qu\u2019\u00e9v\u00eaque de Rome et auquel, dit-il, nous sommes tous appel\u00e9s : faire resplendir l\u2019\u00e9toile de l\u2019esp\u00e9rance. Nous avons besoin, dit-il, de voir la lumi\u00e8re de l\u2019esp\u00e9rance et de donner nous-m\u00eames esp\u00e9rance. Il indique [&hellip;]<\/p>\n","protected":false},"author":4,"featured_media":0,"comment_status":"open","ping_status":"closed","sticky":false,"template":"","format":"standard","meta":{"_jetpack_memberships_contains_paid_content":false,"footnotes":"","jetpack_publicize_message":"","jetpack_publicize_feature_enabled":true,"jetpack_social_post_already_shared":false,"jetpack_social_options":{"image_generator_settings":{"template":"highway","default_image_id":0,"font":"","enabled":false},"version":2}},"categories":[22,28],"tags":[127,793],"class_list":["post-1919","post","type-post","status-publish","format-standard","hentry","category-news","category-publications","tag-antislavery-campaign","tag-justice-and-peace"],"jetpack_publicize_connections":[],"jetpack_featured_media_url":"","jetpack_sharing_enabled":true,"_links":{"self":[{"href":"https:\/\/mafrsaprovince.com\/index.php\/wp-json\/wp\/v2\/posts\/1919","targetHints":{"allow":["GET"]}}],"collection":[{"href":"https:\/\/mafrsaprovince.com\/index.php\/wp-json\/wp\/v2\/posts"}],"about":[{"href":"https:\/\/mafrsaprovince.com\/index.php\/wp-json\/wp\/v2\/types\/post"}],"author":[{"embeddable":true,"href":"https:\/\/mafrsaprovince.com\/index.php\/wp-json\/wp\/v2\/users\/4"}],"replies":[{"embeddable":true,"href":"https:\/\/mafrsaprovince.com\/index.php\/wp-json\/wp\/v2\/comments?post=1919"}],"version-history":[{"count":0,"href":"https:\/\/mafrsaprovince.com\/index.php\/wp-json\/wp\/v2\/posts\/1919\/revisions"}],"wp:attachment":[{"href":"https:\/\/mafrsaprovince.com\/index.php\/wp-json\/wp\/v2\/media?parent=1919"}],"wp:term":[{"taxonomy":"category","embeddable":true,"href":"https:\/\/mafrsaprovince.com\/index.php\/wp-json\/wp\/v2\/categories?post=1919"},{"taxonomy":"post_tag","embeddable":true,"href":"https:\/\/mafrsaprovince.com\/index.php\/wp-json\/wp\/v2\/tags?post=1919"}],"curies":[{"name":"wp","href":"https:\/\/api.w.org\/{rel}","templated":true}]}}