{"id":12367,"date":"2017-05-19T12:27:45","date_gmt":"2017-05-19T10:27:45","guid":{"rendered":"http:\/\/mafrsaprovince.com\/?p=12367"},"modified":"2017-05-19T12:27:45","modified_gmt":"2017-05-19T10:27:45","slug":"mafrwestafrica-lettre-du-16-mai-2017","status":"publish","type":"post","link":"https:\/\/mafrsaprovince.com\/index.php\/2017\/05\/19\/mafrwestafrica-lettre-du-16-mai-2017\/","title":{"rendered":"Mafrwestafrica lettre du 16 mai 2017"},"content":{"rendered":"<p style=\"text-align:justify;\"><a href=\"http:\/\/www.mafrwestafrica.net\/\" target=\"_blank\" rel=\"noopener noreferrer\"><img data-recalc-dims=\"1\" fetchpriority=\"high\" decoding=\"async\" class=\" size-full wp-image-8903 aligncenter\" src=\"https:\/\/mafrsouthernafrica.files.wordpress.com\/2016\/04\/mafrwestafrica-logo.jpg?resize=629%2C136\" alt=\"Mafrwestafrica logo\" width=\"629\" height=\"136\" srcset=\"https:\/\/i0.wp.com\/mafrsaprovince.com\/wp-content\/uploads\/2016\/04\/mafrwestafrica-logo.jpg?w=941&amp;ssl=1 941w, https:\/\/i0.wp.com\/mafrsaprovince.com\/wp-content\/uploads\/2016\/04\/mafrwestafrica-logo.jpg?resize=300%2C65&amp;ssl=1 300w, https:\/\/i0.wp.com\/mafrsaprovince.com\/wp-content\/uploads\/2016\/04\/mafrwestafrica-logo.jpg?resize=768%2C166&amp;ssl=1 768w, https:\/\/i0.wp.com\/mafrsaprovince.com\/wp-content\/uploads\/2016\/04\/mafrwestafrica-logo.jpg?resize=900%2C194&amp;ssl=1 900w\" sizes=\"(max-width: 629px) 100vw, 629px\" \/><\/a>Aujourd&#8217;hui, les Missionnaires d&#8217;Afrique\u00a0de l&#8217;Ouest vous proposent de visiter de nouvelles pages sur\u00a0leur site\u00a0<a href=\"http:\/\/www.mafrwestafrica.net\/\" target=\"_blank\" rel=\"noopener noreferrer\">http:\/\/www.mafrwestafrica.net<\/a>.<\/p>\n<h3 style=\"text-align:justify;\"><strong>Actualit\u00e9s<\/strong><\/h3>\n<p style=\"text-align:justify;\"><strong>\u00a0<\/strong>\u00ab\u00a0ND d\u2019Afrique \u00e0 Rome chez les SMNDA\u00a0\u00bb\u00a0c\u2019est le 22 avril que les S\u0153urs Blanches d\u2019Afrique ont c\u00e9l\u00e9br\u00e9 la f\u00eate de Notre Dame d\u2019Afrique \u00e0 leur maison g\u00e9n\u00e9rale\u00a0<a href=\"http:\/\/www.mafrwestafrica.net\/actualites\/1450-nd-d-afrique-a-rome-chez-les-smnda\" target=\"_blank\" rel=\"noopener noreferrer\">(lire la suite)<\/a><\/p>\n<p style=\"text-align:justify;\">\u00ab\u00a0Fran\u00e7ois\u00a0: prier pour les vocations\u00a0\u00bb\u00a0un texte du pape qui date du mois de novembre 2016, mais qui s\u2019applique \u00e0 la date du 7 mai 2017, journ\u00e9e mondiale de pri\u00e8re pour les vocations\u00a0<a href=\"http:\/\/www.mafrwestafrica.net\/actualites\/1451-francois-prier-pour-les-vocations\" target=\"_blank\" rel=\"noopener noreferrer\">(lire la suite)<\/a><\/p>\n<p style=\"text-align:justify;\">\u00ab\u00a0A quand le jugement de Blaise Compaor\u00e9\u00a0?\u00a0\u00bb\u00a0Blaise Comparo\u00e9, rest\u00e9 27 ans au pouvoir, est cit\u00e9 \u00e0 compara\u00eetre, non pas en tant que Pr\u00e9sident, mais en tant que ministre de la D\u00e9fense.\u00a0<a href=\"http:\/\/www.mafrwestafrica.net\/actualites\/1466-a-quand-le-jugement-de-blaise-compaore\" target=\"_blank\" rel=\"noopener noreferrer\">(lire la suite)<\/a><\/p>\n<p style=\"text-align:justify;\">\u00a0<strong>T\u00e9moignages<br \/>\n<\/strong>\u00ab\u00a0Au nom de la religion\u00a0?\u00a0\u00bb\u00a0(barbarie ou fraternit\u00e9) recension d\u2019un livre du j\u00e9suite Fran\u00e7ois Euv\u00e9 paru aux \u00e9ditions de l\u2019Atelier en 2016\u00a0<a href=\"http:\/\/www.mafrwestafrica.net\/temoignages\/1462-au-nom-de-la-religion\" target=\"_blank\" rel=\"noopener noreferrer\">(la slire uite)<\/a><\/p>\n<p style=\"text-align:justify;\">\u00ab\u00a0Long week-end \u00e0 Erbil\u00a0\u00bb\u00a0Andr\u00e9 Querton \u00e9tait r\u00e9cemment dans le Kurdistan irakien. Apr\u00e8s avoir travers\u00e9 d\u2019anciennes zones de combat, il a visit\u00e9 de nombreux camps de r\u00e9fugi\u00e9s.\u00a0<a href=\"http:\/\/www.mafrwestafrica.net\/temoignages\/1463-long-weekend-a-erbil\" target=\"_blank\" rel=\"noopener noreferrer\">(lire la suite)<\/a><\/p>\n<p style=\"text-align:justify;\">\u00ab\u00a0Le patriarche Bartholom\u00e9e 1er\u00a0\u00bb\u00a0 \u00c0 l\u2019invitation du cheikh Ahmed Al Tayeb, le patriarche \u0153cum\u00e9nique Bartholom\u00e9e Ier a prononc\u00e9 une conf\u00e9rence intitul\u00e9e \u00ab Les religions et la paix \u00bb\u00a0<a href=\"http:\/\/www.mafrwestafrica.net\/temoignages\/1458-le-patriarche-bartholomee-1er\" target=\"_blank\" rel=\"noopener noreferrer\">(lire la suite)<\/a><\/p>\n<h3 style=\"text-align:justify;\">\u00a0<strong>Dialogue interreligieux<\/strong><\/h3>\n<p style=\"text-align:justify;\"><strong>\u00a0<\/strong>\u00ab\u00a0D\u00e9claration conjointe de Rabat\u00a0\u00bb\u00a0sur le site de l\u2019ARCRE ces informations sur la rencontre entre l\u2019Acad\u00e9mie du Royaume du Maroc et le Conseil pontifical pour le dialogue interreligieux\u00a0<a href=\"http:\/\/www.mafrwestafrica.net\/dialogue-interreligieux\/1457-declaration-conjointe-de-rabat\" target=\"_blank\" rel=\"noopener noreferrer\">(lire la suite)<\/a><\/p>\n<p style=\"text-align:justify;\">\u00ab\u00a0No\u00e9\u00a0\u00bb\u00a0deux articles assez r\u00e9cents parus sur le site du Groupe de Recherches Islamo Chr\u00e9tien de Tunis, sur le th\u00e8me de No\u00e9\u00a0<a href=\"http:\/\/www.mafrwestafrica.net\/dialogue-interreligieux\/1459-noe\" target=\"_blank\" rel=\"noopener noreferrer\">(lire la suite)<\/a><\/p>\n<p style=\"text-align:justify;\">\u00ab\u00a0Le Pape \u00e0 Al-Azhar, espoir pour le Moyen Orient\u00a0\u00bb\u00a0cette visite du 28 avril 2017, constitue un \u00e9v\u00e9nement fondamental en cette p\u00e9riode si troubl\u00e9e\u00a0<a href=\"http:\/\/www.mafrwestafrica.net\/dialogue-interreligieux\/1460-le-pape-a-al-azhar-espoir-pour-le-moyen-orient\" target=\"_blank\" rel=\"noopener noreferrer\">(lire la suite)<\/a><\/p>\n<p style=\"text-align:justify;\">\u00ab\u00a0Amiti\u00e9 islamo chr\u00e9tienne \u00e0 Taiz\u00e9\u00a0\u00bb\u00a0la communaut\u00e9 de Taiz\u00e9, sur l\u2019appel d\u2019amis musulmans et avec eux\u00a0 a organis\u00e9, du 5 au 8 mai, une rencontre sous le signe du \u00ab\u00a0Go\u00fbt de Dieu\u00a0\u00bb\u00a0<a href=\"http:\/\/www.mafrwestafrica.net\/dialogue-interreligieux\/1461-amitie-islamo-chretienne-a-taize\" target=\"_blank\" rel=\"noopener noreferrer\">(lire la suite)<\/a><\/p>\n<h3 style=\"text-align:justify;\">\u00a0<strong>Justice et Paix<\/strong><\/h3>\n<p style=\"text-align:justify;\"><strong>\u00a0<\/strong>\u00ab\u00a0Comment \u00e9tudier si on n\u2019a pas d\u2019argent\u00a0?\u00a0\u00bb\u00a0la question se pose et trois cas sont choisis pour inciter \u00e0 la r\u00e9flexion : deux en C\u00f4te d\u2019Ivoire et un au Burkina\u00a0<a href=\"http:\/\/www.mafrwestafrica.net\/justice-et-paix\/1452-comment-etudier-si-on-n-a-pas-d-argent\" target=\"_blank\" rel=\"noopener noreferrer\">(lire la suite)<\/a><\/p>\n<p style=\"text-align:justify;\">\u00ab\u00a0P\u00eache ill\u00e9gale en Afrique de l\u2019Ouest\u00a0\u00bb\u00a0Greenpeace m\u00e8ne une op\u00e9ration de rep\u00e9rage de p\u00eache ill\u00e9gale dans les eaux des pays d\u2019Afrique de l\u2019Ouest. Les chinois sont bien pr\u00e9sents\u00a0<a href=\"http:\/\/www.mafrwestafrica.net\/justice-et-paix\/1453-peche-illegale-en-afrique-de-l-ouestt\" target=\"_blank\" rel=\"noopener noreferrer\">(lire la suite)<\/a><\/p>\n<p style=\"text-align:justify;\">\u00ab\u00a0Lutter contre l\u2019apatridie\u00a0\u00bb\u00a0en Afrique de l\u2019Ouest. \u00catre apatride, soit sans nationalit\u00e9, a beaucoup de r\u00e9percussions sur la stabilit\u00e9 des pays et la vie quotidienne des personnes concern\u00e9es\u00a0<a href=\"http:\/\/www.mafrwestafrica.net\/justice-et-paix\/1455-lutter-contre-l-apatridie\" target=\"_blank\" rel=\"noopener noreferrer\">(lire la suite)<\/a><\/p>\n<h3 style=\"text-align:justify;\">\u00a0<strong>Vu au Sud &#8211; Vu du Sud<\/strong><\/h3>\n<p style=\"text-align:justify;\"><strong>\u00a0<\/strong>\u00ab\u00a082 jeunes nig\u00e9rianes lib\u00e9r\u00e9es par Boko Haram\u00a0\u00bb\u00a0Ces jeunes filles ont \u00e9t\u00e9 rendues \u00e0 la libert\u00e9, mais cela fait trois ans qu\u2019elles avaient \u00e9t\u00e9 enlev\u00e9es. Retour difficile \u00e0 une vie normale\u00a0<a href=\"http:\/\/www.mafrwestafrica.net\/vu-au-sud-vu-du-sud\/1454-82-jeunes-nigerianes-liberees-par-boko-haram\" target=\"_blank\" rel=\"noopener noreferrer\">(lire la suite)<\/a><\/p>\n<p style=\"text-align:justify;\">\u00ab\u00a0Mauritanie et CEDEAO\u00a0\u00bb\u00a0La Mauritanie, qui a quitt\u00e9 la C\u00e9d\u00e9ao en 2000, semble s&#8217;en rapprocher de nouveau m\u00eame s\u2019il n&#8217;est pas question de r\u00e9int\u00e9grer l&#8217;organisation r\u00e9gionale pour le moment\u00a0<a href=\"http:\/\/www.mafrwestafrica.net\/vu-au-sud-vu-du-sud\/1456-mauritanie-et-cedeao\" target=\"_blank\" rel=\"noopener noreferrer\">(lire la suite)<\/a><br \/>\n\u00ab\u00a0Lutter contre le terrorisme en Afrique de l\u2019Ouest\u00a0\u00bb\u00a0tout particuli\u00e8rement au Mali, au Tchad et au Niger\u00a0<a href=\"http:\/\/www.mafrwestafrica.net\/vu-au-sud-vu-du-sud\/1464-lutter-contre-le-terrorismes-en-afrique-de-l-ouest\">(lire la suite)<\/a><\/p>\n<p style=\"text-align:justify;\">\u00ab\u00a0Comment va le Burkina\u00a0?\u00a0\u00bb\u00a0des informations tr\u00e8s d\u00e9taill\u00e9es et plut\u00f4t optimistes prises sur le site de Jeune Afrique\u00a0<a href=\"http:\/\/www.mafrwestafrica.net\/vu-au-sud-vu-du-sud\/1465-comment-va-le-burkina\" target=\"_blank\" rel=\"noopener noreferrer\">(lire la suite)<\/a><\/p>\n","protected":false},"excerpt":{"rendered":"<p>Aujourd&#8217;hui, les Missionnaires d&#8217;Afrique\u00a0de l&#8217;Ouest vous proposent de visiter de nouvelles pages sur\u00a0leur site\u00a0http:\/\/www.mafrwestafrica.net. Actualit\u00e9s \u00a0\u00ab\u00a0ND d\u2019Afrique \u00e0 Rome chez les SMNDA\u00a0\u00bb\u00a0c\u2019est le 22 avril que les S\u0153urs Blanches d\u2019Afrique ont c\u00e9l\u00e9br\u00e9 la f\u00eate de Notre Dame d\u2019Afrique \u00e0 leur maison g\u00e9n\u00e9rale\u00a0(lire la suite) \u00ab\u00a0Fran\u00e7ois\u00a0: prier pour les vocations\u00a0\u00bb\u00a0un texte du pape qui date du [&hellip;]<\/p>\n","protected":false},"author":4,"featured_media":8903,"comment_status":"open","ping_status":"closed","sticky":false,"template":"","format":"standard","meta":{"_jetpack_memberships_contains_paid_content":false,"footnotes":"","jetpack_publicize_message":"","jetpack_publicize_feature_enabled":true,"jetpack_social_post_already_shared":false,"jetpack_social_options":{"image_generator_settings":{"template":"highway","default_image_id":0,"font":"","enabled":false},"version":2}},"categories":[22,28],"tags":[900],"class_list":["post-12367","post","type-post","status-publish","format-standard","has-post-thumbnail","hentry","category-news","category-publications","tag-mafrwestafrica"],"jetpack_publicize_connections":[],"jetpack_featured_media_url":"https:\/\/i0.wp.com\/mafrsaprovince.com\/wp-content\/uploads\/2016\/04\/mafrwestafrica-logo.jpg?fit=941%2C203&ssl=1","jetpack_sharing_enabled":true,"_links":{"self":[{"href":"https:\/\/mafrsaprovince.com\/index.php\/wp-json\/wp\/v2\/posts\/12367","targetHints":{"allow":["GET"]}}],"collection":[{"href":"https:\/\/mafrsaprovince.com\/index.php\/wp-json\/wp\/v2\/posts"}],"about":[{"href":"https:\/\/mafrsaprovince.com\/index.php\/wp-json\/wp\/v2\/types\/post"}],"author":[{"embeddable":true,"href":"https:\/\/mafrsaprovince.com\/index.php\/wp-json\/wp\/v2\/users\/4"}],"replies":[{"embeddable":true,"href":"https:\/\/mafrsaprovince.com\/index.php\/wp-json\/wp\/v2\/comments?post=12367"}],"version-history":[{"count":0,"href":"https:\/\/mafrsaprovince.com\/index.php\/wp-json\/wp\/v2\/posts\/12367\/revisions"}],"wp:featuredmedia":[{"embeddable":true,"href":"https:\/\/mafrsaprovince.com\/index.php\/wp-json\/wp\/v2\/media\/8903"}],"wp:attachment":[{"href":"https:\/\/mafrsaprovince.com\/index.php\/wp-json\/wp\/v2\/media?parent=12367"}],"wp:term":[{"taxonomy":"category","embeddable":true,"href":"https:\/\/mafrsaprovince.com\/index.php\/wp-json\/wp\/v2\/categories?post=12367"},{"taxonomy":"post_tag","embeddable":true,"href":"https:\/\/mafrsaprovince.com\/index.php\/wp-json\/wp\/v2\/tags?post=12367"}],"curies":[{"name":"wp","href":"https:\/\/api.w.org\/{rel}","templated":true}]}}